{"id":946,"date":"2024-04-21T10:13:37","date_gmt":"2024-04-21T08:13:37","guid":{"rendered":"https:\/\/www.montreuxvolley.ch\/?p=946"},"modified":"2026-04-22T09:42:06","modified_gmt":"2026-04-22T07:42:06","slug":"juniors-m16","status":"publish","type":"post","link":"https:\/\/www.montreuxvolley.ch\/index.php\/2024\/04\/21\/juniors-m16\/","title":{"rendered":"JUNIORS ROOKIE -FUTURE"},"content":{"rendered":"<p>&nbsp;<\/p>\n<p>Entra\u00eeneurs: Fascal Hukker et Melvin L\u00e9geret<\/p>\n<p>Entra\u00eenements:<\/p>\n<ul>\n<li>le lundi de\u00a0 18h \u00e0 19h45 \/ salle de gym Rambert C<\/li>\n<li>le mercredi de 17h15 \u00e0 18h45 \/ salle de gym Rambert B<\/li>\n<\/ul>\n<p>&nbsp;<\/p>\n<p><em>En cas d'int\u00e9r\u00eat, merci d'utiliser le formulaire contact<\/em><\/p>\n","protected":false},"excerpt":{"rendered":"&nbsp; Entra\u00eeneurs: Fascal Hukker et Melvin L\u00e9geret Entra\u00eenements: le lundi de\u00a0 18h \u00e0 19h45 \/ salle de gym Rambert C le mercredi de 17h15 \u00e0 18h45 \/ salle de gym Rambert B &nbsp; En cas d'int\u00e9r\u00eat, merci d'utiliser le formulaire contact","protected":false},"author":4,"featured_media":0,"comment_status":"closed","ping_status":"open","sticky":false,"template":"","format":"standard","meta":{"footnotes":""},"categories":[1],"tags":[],"_links":{"self":[{"href":"https:\/\/www.montreuxvolley.ch\/index.php\/wp-json\/wp\/v2\/posts\/946"}],"collection":[{"href":"https:\/\/www.montreuxvolley.ch\/index.php\/wp-json\/wp\/v2\/posts"}],"about":[{"href":"https:\/\/www.montreuxvolley.ch\/index.php\/wp-json\/wp\/v2\/types\/post"}],"author":[{"embeddable":true,"href":"https:\/\/www.montreuxvolley.ch\/index.php\/wp-json\/wp\/v2\/users\/4"}],"replies":[{"embeddable":true,"href":"https:\/\/www.montreuxvolley.ch\/index.php\/wp-json\/wp\/v2\/comments?post=946"}],"version-history":[{"count":16,"href":"https:\/\/www.montreuxvolley.ch\/index.php\/wp-json\/wp\/v2\/posts\/946\/revisions"}],"predecessor-version":[{"id":1550,"href":"https:\/\/www.montreuxvolley.ch\/index.php\/wp-json\/wp\/v2\/posts\/946\/revisions\/1550"}],"wp:attachment":[{"href":"https:\/\/www.montreuxvolley.ch\/index.php\/wp-json\/wp\/v2\/media?parent=946"}],"wp:term":[{"taxonomy":"category","embeddable":true,"href":"https:\/\/www.montreuxvolley.ch\/index.php\/wp-json\/wp\/v2\/categories?post=946"},{"taxonomy":"post_tag","embeddable":true,"href":"https:\/\/www.montreuxvolley.ch\/index.php\/wp-json\/wp\/v2\/tags?post=946"}],"curies":[{"name":"wp","href":"https:\/\/api.w.org\/{rel}","templated":true}]}}